{"id":14460,"date":"2026-03-30T08:08:58","date_gmt":"2026-03-30T08:08:58","guid":{"rendered":"https:\/\/www.avselectronics.com\/?p=14460"},"modified":"2026-03-30T09:35:56","modified_gmt":"2026-03-30T09:35:56","slug":"feuertrutz-2026-nuremberg-24-25-juin-2026","status":"publish","type":"post","link":"https:\/\/www.avselectronics.com\/fr\/evenements\/feuertrutz-2026-nuremberg-24-25-juin-2026\/","title":{"rendered":"FeuerTrutz 2026 \u2013 Nuremberg 24\/25 juin 2026"},"content":{"rendered":"<p>Avec notre partenaire en Allemagne BKH SECURITY, nous serons pr\u00e9sents au salon FeuerTrutz 2026, qui se tiendra les 24 et 25 juin 2026 \u00e0 Nuremberg, afin de pr\u00e9senter nos syst\u00e8mes d\u2019alarme AVS et nos syst\u00e8mes de protection incendie RIELLO FIRE, tous fabriqu\u00e9s en Italie.<\/p>\n<p>Nous vous attendons dans le hall 4, stand 4.226.<\/p>\n","protected":false},"excerpt":{"rendered":"<p>Avec notre partenaire en Allemagne BKH SECURITY, nous serons pr\u00e9sents au salon FeuerTrutz 2026, qui se tiendra les 24 et 25 juin 2026 \u00e0 Nuremberg, afin de pr\u00e9senter nos syst\u00e8mes d\u2019alarme AVS et nos syst\u00e8mes de protection incendie RIELLO FIRE, tous fabriqu\u00e9s en Italie. Nous vous attendons dans le hall 4, stand 4.226.<\/p>\n","protected":false},"author":31319,"featured_media":14632,"comment_status":"open","ping_status":"open","sticky":false,"template":"","format":"standard","meta":{"_acf_changed":false,"footnotes":""},"categories":[623],"tags":[],"class_list":["post-14460","post","type-post","status-publish","format-standard","has-post-thumbnail","hentry","category-evenements"],"acf":[],"yoast_head":"<!-- This site is optimized with the Yoast SEO plugin v27.1.1 - https:\/\/yoast.com\/product\/yoast-seo-wordpress\/ -->\n<title>FeuerTrutz 2026 \u2013 Nuremberg 24\/25 juin 2026 - AVS Electronics<\/title>\n<meta name=\"robots\" content=\"index, follow, max-snippet:-1, max-image-preview:large, max-video-preview:-1\" \/>\n<link rel=\"canonical\" href=\"https:\/\/www.avselectronics.com\/fr\/evenements\/feuertrutz-2026-nuremberg-24-25-juin-2026\/\" \/>\n<meta property=\"og:locale\" content=\"fr_FR\" \/>\n<meta property=\"og:type\" content=\"article\" \/>\n<meta property=\"og:title\" content=\"FeuerTrutz 2026 \u2013 Nuremberg 24\/25 juin 2026 - AVS Electronics\" \/>\n<meta property=\"og:description\" content=\"Avec notre partenaire en Allemagne BKH SECURITY, nous serons pr\u00e9sents au salon FeuerTrutz 2026, qui se tiendra les 24 et 25 juin 2026 \u00e0 Nuremberg, afin de pr\u00e9senter nos syst\u00e8mes d\u2019alarme AVS et nos syst\u00e8mes de protection incendie RIELLO FIRE, tous fabriqu\u00e9s en Italie. Nous vous attendons dans le hall 4, stand 4.226.\" \/>\n<meta property=\"og:url\" content=\"https:\/\/www.avselectronics.com\/fr\/evenements\/feuertrutz-2026-nuremberg-24-25-juin-2026\/\" \/>\n<meta property=\"og:site_name\" content=\"AVS Electronics\" \/>\n<meta property=\"article:published_time\" content=\"2026-03-30T08:08:58+00:00\" \/>\n<meta property=\"article:modified_time\" content=\"2026-03-30T09:35:56+00:00\" \/>\n<meta property=\"og:image\" content=\"https:\/\/www.avselectronics.com\/wp-content\/uploads\/2026\/03\/feuertrutz2026-1.jpg\" \/>\n\t<meta property=\"og:image:width\" content=\"790\" \/>\n\t<meta property=\"og:image:height\" content=\"340\" \/>\n\t<meta property=\"og:image:type\" content=\"image\/jpeg\" \/>\n<meta name=\"author\" content=\"marketing-avselectronics\" \/>\n<meta name=\"twitter:card\" content=\"summary_large_image\" \/>\n<meta name=\"twitter:label1\" content=\"\u00c9crit par\" \/>\n\t<meta name=\"twitter:data1\" content=\"marketing-avselectronics\" \/>\n\t<meta name=\"twitter:label2\" content=\"Dur\u00e9e de lecture estim\u00e9e\" \/>\n\t<meta name=\"twitter:data2\" content=\"1 minute\" \/>\n<script type=\"application\/ld+json\" class=\"yoast-schema-graph\">{\"@context\":\"https:\/\/schema.org\",\"@graph\":[{\"@type\":\"Article\",\"@id\":\"https:\/\/www.avselectronics.com\/fr\/evenements\/feuertrutz-2026-nuremberg-24-25-juin-2026\/#article\",\"isPartOf\":{\"@id\":\"https:\/\/www.avselectronics.com\/fr\/evenements\/feuertrutz-2026-nuremberg-24-25-juin-2026\/\"},\"author\":{\"name\":\"marketing-avselectronics\",\"@id\":\"https:\/\/www.avselectronics.com\/fr\/#\/schema\/person\/67b667956fcbe7605ac861cf3d949a66\"},\"headline\":\"FeuerTrutz 2026 \u2013 Nuremberg 24\/25 juin 2026\",\"datePublished\":\"2026-03-30T08:08:58+00:00\",\"dateModified\":\"2026-03-30T09:35:56+00:00\",\"mainEntityOfPage\":{\"@id\":\"https:\/\/www.avselectronics.com\/fr\/evenements\/feuertrutz-2026-nuremberg-24-25-juin-2026\/\"},\"wordCount\":55,\"commentCount\":0,\"publisher\":{\"@id\":\"https:\/\/www.avselectronics.com\/fr\/#organization\"},\"image\":{\"@id\":\"https:\/\/www.avselectronics.com\/fr\/evenements\/feuertrutz-2026-nuremberg-24-25-juin-2026\/#primaryimage\"},\"thumbnailUrl\":\"https:\/\/www.avselectronics.com\/wp-content\/uploads\/2026\/03\/feuertrutz2026-1.jpg\",\"articleSection\":[\"\u00c9v\u00e9nements\"],\"inLanguage\":\"fr-FR\",\"potentialAction\":[{\"@type\":\"CommentAction\",\"name\":\"Comment\",\"target\":[\"https:\/\/www.avselectronics.com\/fr\/evenements\/feuertrutz-2026-nuremberg-24-25-juin-2026\/#respond\"]}]},{\"@type\":\"WebPage\",\"@id\":\"https:\/\/www.avselectronics.com\/fr\/evenements\/feuertrutz-2026-nuremberg-24-25-juin-2026\/\",\"url\":\"https:\/\/www.avselectronics.com\/fr\/evenements\/feuertrutz-2026-nuremberg-24-25-juin-2026\/\",\"name\":\"FeuerTrutz 2026 \u2013 Nuremberg 24\/25 juin 2026 - AVS Electronics\",\"isPartOf\":{\"@id\":\"https:\/\/www.avselectronics.com\/fr\/#website\"},\"primaryImageOfPage\":{\"@id\":\"https:\/\/www.avselectronics.com\/fr\/evenements\/feuertrutz-2026-nuremberg-24-25-juin-2026\/#primaryimage\"},\"image\":{\"@id\":\"https:\/\/www.avselectronics.com\/fr\/evenements\/feuertrutz-2026-nuremberg-24-25-juin-2026\/#primaryimage\"},\"thumbnailUrl\":\"https:\/\/www.avselectronics.com\/wp-content\/uploads\/2026\/03\/feuertrutz2026-1.jpg\",\"datePublished\":\"2026-03-30T08:08:58+00:00\",\"dateModified\":\"2026-03-30T09:35:56+00:00\",\"breadcrumb\":{\"@id\":\"https:\/\/www.avselectronics.com\/fr\/evenements\/feuertrutz-2026-nuremberg-24-25-juin-2026\/#breadcrumb\"},\"inLanguage\":\"fr-FR\",\"potentialAction\":[{\"@type\":\"ReadAction\",\"target\":[\"https:\/\/www.avselectronics.com\/fr\/evenements\/feuertrutz-2026-nuremberg-24-25-juin-2026\/\"]}]},{\"@type\":\"ImageObject\",\"inLanguage\":\"fr-FR\",\"@id\":\"https:\/\/www.avselectronics.com\/fr\/evenements\/feuertrutz-2026-nuremberg-24-25-juin-2026\/#primaryimage\",\"url\":\"https:\/\/www.avselectronics.com\/wp-content\/uploads\/2026\/03\/feuertrutz2026-1.jpg\",\"contentUrl\":\"https:\/\/www.avselectronics.com\/wp-content\/uploads\/2026\/03\/feuertrutz2026-1.jpg\",\"width\":790,\"height\":340},{\"@type\":\"BreadcrumbList\",\"@id\":\"https:\/\/www.avselectronics.com\/fr\/evenements\/feuertrutz-2026-nuremberg-24-25-juin-2026\/#breadcrumb\",\"itemListElement\":[{\"@type\":\"ListItem\",\"position\":1,\"name\":\"\",\"item\":\"https:\/\/www.avselectronics.com\/fr\/\"},{\"@type\":\"ListItem\",\"position\":2,\"name\":\"FeuerTrutz 2026 \u2013 Nuremberg 24\/25 juin 2026\"}]},{\"@type\":\"WebSite\",\"@id\":\"https:\/\/www.avselectronics.com\/fr\/#website\",\"url\":\"https:\/\/www.avselectronics.com\/fr\/\",\"name\":\"AVS Electronics\",\"description\":\"Sicuri e protetti. Sempre.\",\"publisher\":{\"@id\":\"https:\/\/www.avselectronics.com\/fr\/#organization\"},\"potentialAction\":[{\"@type\":\"SearchAction\",\"target\":{\"@type\":\"EntryPoint\",\"urlTemplate\":\"https:\/\/www.avselectronics.com\/fr\/?s={search_term_string}\"},\"query-input\":{\"@type\":\"PropertyValueSpecification\",\"valueRequired\":true,\"valueName\":\"search_term_string\"}}],\"inLanguage\":\"fr-FR\"},{\"@type\":\"Organization\",\"@id\":\"https:\/\/www.avselectronics.com\/fr\/#organization\",\"name\":\"AVS Electronics\",\"url\":\"https:\/\/www.avselectronics.com\/fr\/\",\"logo\":{\"@type\":\"ImageObject\",\"inLanguage\":\"fr-FR\",\"@id\":\"https:\/\/www.avselectronics.com\/fr\/#\/schema\/logo\/image\/\",\"url\":\"https:\/\/www.avselectronics.com\/wp-content\/uploads\/2025\/08\/AVS_logo.png\",\"contentUrl\":\"https:\/\/www.avselectronics.com\/wp-content\/uploads\/2025\/08\/AVS_logo.png\",\"width\":381,\"height\":179,\"caption\":\"AVS Electronics\"},\"image\":{\"@id\":\"https:\/\/www.avselectronics.com\/fr\/#\/schema\/logo\/image\/\"}},{\"@type\":\"Person\",\"@id\":\"https:\/\/www.avselectronics.com\/fr\/#\/schema\/person\/67b667956fcbe7605ac861cf3d949a66\",\"name\":\"marketing-avselectronics\",\"image\":{\"@type\":\"ImageObject\",\"inLanguage\":\"fr-FR\",\"@id\":\"https:\/\/www.avselectronics.com\/fr\/#\/schema\/person\/image\/\",\"url\":\"https:\/\/secure.gravatar.com\/avatar\/7b4db465b6212ddf23d837575c622ce232e0d7be4579c9a35e03a085d2665435?s=96&d=mm&r=g\",\"contentUrl\":\"https:\/\/secure.gravatar.com\/avatar\/7b4db465b6212ddf23d837575c622ce232e0d7be4579c9a35e03a085d2665435?s=96&d=mm&r=g\",\"caption\":\"marketing-avselectronics\"},\"url\":\"https:\/\/www.avselectronics.com\/fr\/author\/marketing-avselectronics\/\"}]}<\/script>\n<!-- \/ Yoast SEO plugin. -->","yoast_head_json":{"title":"FeuerTrutz 2026 \u2013 Nuremberg 24\/25 juin 2026 - AVS Electronics","robots":{"index":"index","follow":"follow","max-snippet":"max-snippet:-1","max-image-preview":"max-image-preview:large","max-video-preview":"max-video-preview:-1"},"canonical":"https:\/\/www.avselectronics.com\/fr\/evenements\/feuertrutz-2026-nuremberg-24-25-juin-2026\/","og_locale":"fr_FR","og_type":"article","og_title":"FeuerTrutz 2026 \u2013 Nuremberg 24\/25 juin 2026 - AVS Electronics","og_description":"Avec notre partenaire en Allemagne BKH SECURITY, nous serons pr\u00e9sents au salon FeuerTrutz 2026, qui se tiendra les 24 et 25 juin 2026 \u00e0 Nuremberg, afin de pr\u00e9senter nos syst\u00e8mes d\u2019alarme AVS et nos syst\u00e8mes de protection incendie RIELLO FIRE, tous fabriqu\u00e9s en Italie. Nous vous attendons dans le hall 4, stand 4.226.","og_url":"https:\/\/www.avselectronics.com\/fr\/evenements\/feuertrutz-2026-nuremberg-24-25-juin-2026\/","og_site_name":"AVS Electronics","article_published_time":"2026-03-30T08:08:58+00:00","article_modified_time":"2026-03-30T09:35:56+00:00","og_image":[{"width":790,"height":340,"url":"https:\/\/www.avselectronics.com\/wp-content\/uploads\/2026\/03\/feuertrutz2026-1.jpg","type":"image\/jpeg"}],"author":"marketing-avselectronics","twitter_card":"summary_large_image","twitter_misc":{"\u00c9crit par":"marketing-avselectronics","Dur\u00e9e de lecture estim\u00e9e":"1 minute"},"schema":{"@context":"https:\/\/schema.org","@graph":[{"@type":"Article","@id":"https:\/\/www.avselectronics.com\/fr\/evenements\/feuertrutz-2026-nuremberg-24-25-juin-2026\/#article","isPartOf":{"@id":"https:\/\/www.avselectronics.com\/fr\/evenements\/feuertrutz-2026-nuremberg-24-25-juin-2026\/"},"author":{"name":"marketing-avselectronics","@id":"https:\/\/www.avselectronics.com\/fr\/#\/schema\/person\/67b667956fcbe7605ac861cf3d949a66"},"headline":"FeuerTrutz 2026 \u2013 Nuremberg 24\/25 juin 2026","datePublished":"2026-03-30T08:08:58+00:00","dateModified":"2026-03-30T09:35:56+00:00","mainEntityOfPage":{"@id":"https:\/\/www.avselectronics.com\/fr\/evenements\/feuertrutz-2026-nuremberg-24-25-juin-2026\/"},"wordCount":55,"commentCount":0,"publisher":{"@id":"https:\/\/www.avselectronics.com\/fr\/#organization"},"image":{"@id":"https:\/\/www.avselectronics.com\/fr\/evenements\/feuertrutz-2026-nuremberg-24-25-juin-2026\/#primaryimage"},"thumbnailUrl":"https:\/\/www.avselectronics.com\/wp-content\/uploads\/2026\/03\/feuertrutz2026-1.jpg","articleSection":["\u00c9v\u00e9nements"],"inLanguage":"fr-FR","potentialAction":[{"@type":"CommentAction","name":"Comment","target":["https:\/\/www.avselectronics.com\/fr\/evenements\/feuertrutz-2026-nuremberg-24-25-juin-2026\/#respond"]}]},{"@type":"WebPage","@id":"https:\/\/www.avselectronics.com\/fr\/evenements\/feuertrutz-2026-nuremberg-24-25-juin-2026\/","url":"https:\/\/www.avselectronics.com\/fr\/evenements\/feuertrutz-2026-nuremberg-24-25-juin-2026\/","name":"FeuerTrutz 2026 \u2013 Nuremberg 24\/25 juin 2026 - AVS Electronics","isPartOf":{"@id":"https:\/\/www.avselectronics.com\/fr\/#website"},"primaryImageOfPage":{"@id":"https:\/\/www.avselectronics.com\/fr\/evenements\/feuertrutz-2026-nuremberg-24-25-juin-2026\/#primaryimage"},"image":{"@id":"https:\/\/www.avselectronics.com\/fr\/evenements\/feuertrutz-2026-nuremberg-24-25-juin-2026\/#primaryimage"},"thumbnailUrl":"https:\/\/www.avselectronics.com\/wp-content\/uploads\/2026\/03\/feuertrutz2026-1.jpg","datePublished":"2026-03-30T08:08:58+00:00","dateModified":"2026-03-30T09:35:56+00:00","breadcrumb":{"@id":"https:\/\/www.avselectronics.com\/fr\/evenements\/feuertrutz-2026-nuremberg-24-25-juin-2026\/#breadcrumb"},"inLanguage":"fr-FR","potentialAction":[{"@type":"ReadAction","target":["https:\/\/www.avselectronics.com\/fr\/evenements\/feuertrutz-2026-nuremberg-24-25-juin-2026\/"]}]},{"@type":"ImageObject","inLanguage":"fr-FR","@id":"https:\/\/www.avselectronics.com\/fr\/evenements\/feuertrutz-2026-nuremberg-24-25-juin-2026\/#primaryimage","url":"https:\/\/www.avselectronics.com\/wp-content\/uploads\/2026\/03\/feuertrutz2026-1.jpg","contentUrl":"https:\/\/www.avselectronics.com\/wp-content\/uploads\/2026\/03\/feuertrutz2026-1.jpg","width":790,"height":340},{"@type":"BreadcrumbList","@id":"https:\/\/www.avselectronics.com\/fr\/evenements\/feuertrutz-2026-nuremberg-24-25-juin-2026\/#breadcrumb","itemListElement":[{"@type":"ListItem","position":1,"name":"","item":"https:\/\/www.avselectronics.com\/fr\/"},{"@type":"ListItem","position":2,"name":"FeuerTrutz 2026 \u2013 Nuremberg 24\/25 juin 2026"}]},{"@type":"WebSite","@id":"https:\/\/www.avselectronics.com\/fr\/#website","url":"https:\/\/www.avselectronics.com\/fr\/","name":"AVS Electronics","description":"Sicuri e protetti. Sempre.","publisher":{"@id":"https:\/\/www.avselectronics.com\/fr\/#organization"},"potentialAction":[{"@type":"SearchAction","target":{"@type":"EntryPoint","urlTemplate":"https:\/\/www.avselectronics.com\/fr\/?s={search_term_string}"},"query-input":{"@type":"PropertyValueSpecification","valueRequired":true,"valueName":"search_term_string"}}],"inLanguage":"fr-FR"},{"@type":"Organization","@id":"https:\/\/www.avselectronics.com\/fr\/#organization","name":"AVS Electronics","url":"https:\/\/www.avselectronics.com\/fr\/","logo":{"@type":"ImageObject","inLanguage":"fr-FR","@id":"https:\/\/www.avselectronics.com\/fr\/#\/schema\/logo\/image\/","url":"https:\/\/www.avselectronics.com\/wp-content\/uploads\/2025\/08\/AVS_logo.png","contentUrl":"https:\/\/www.avselectronics.com\/wp-content\/uploads\/2025\/08\/AVS_logo.png","width":381,"height":179,"caption":"AVS Electronics"},"image":{"@id":"https:\/\/www.avselectronics.com\/fr\/#\/schema\/logo\/image\/"}},{"@type":"Person","@id":"https:\/\/www.avselectronics.com\/fr\/#\/schema\/person\/67b667956fcbe7605ac861cf3d949a66","name":"marketing-avselectronics","image":{"@type":"ImageObject","inLanguage":"fr-FR","@id":"https:\/\/www.avselectronics.com\/fr\/#\/schema\/person\/image\/","url":"https:\/\/secure.gravatar.com\/avatar\/7b4db465b6212ddf23d837575c622ce232e0d7be4579c9a35e03a085d2665435?s=96&d=mm&r=g","contentUrl":"https:\/\/secure.gravatar.com\/avatar\/7b4db465b6212ddf23d837575c622ce232e0d7be4579c9a35e03a085d2665435?s=96&d=mm&r=g","caption":"marketing-avselectronics"},"url":"https:\/\/www.avselectronics.com\/fr\/author\/marketing-avselectronics\/"}]}},"_links":{"self":[{"href":"https:\/\/www.avselectronics.com\/fr\/wp-json\/wp\/v2\/posts\/14460","targetHints":{"allow":["GET"]}}],"collection":[{"href":"https:\/\/www.avselectronics.com\/fr\/wp-json\/wp\/v2\/posts"}],"about":[{"href":"https:\/\/www.avselectronics.com\/fr\/wp-json\/wp\/v2\/types\/post"}],"author":[{"embeddable":true,"href":"https:\/\/www.avselectronics.com\/fr\/wp-json\/wp\/v2\/users\/31319"}],"replies":[{"embeddable":true,"href":"https:\/\/www.avselectronics.com\/fr\/wp-json\/wp\/v2\/comments?post=14460"}],"version-history":[{"count":1,"href":"https:\/\/www.avselectronics.com\/fr\/wp-json\/wp\/v2\/posts\/14460\/revisions"}],"predecessor-version":[{"id":14461,"href":"https:\/\/www.avselectronics.com\/fr\/wp-json\/wp\/v2\/posts\/14460\/revisions\/14461"}],"wp:featuredmedia":[{"embeddable":true,"href":"https:\/\/www.avselectronics.com\/fr\/wp-json\/wp\/v2\/media\/14632"}],"wp:attachment":[{"href":"https:\/\/www.avselectronics.com\/fr\/wp-json\/wp\/v2\/media?parent=14460"}],"wp:term":[{"taxonomy":"category","embeddable":true,"href":"https:\/\/www.avselectronics.com\/fr\/wp-json\/wp\/v2\/categories?post=14460"},{"taxonomy":"post_tag","embeddable":true,"href":"https:\/\/www.avselectronics.com\/fr\/wp-json\/wp\/v2\/tags?post=14460"}],"curies":[{"name":"wp","href":"https:\/\/api.w.org\/{rel}","templated":true}]}}